{"id":9081,"date":"2025-07-24T15:08:55","date_gmt":"2025-07-24T13:08:55","guid":{"rendered":"https:\/\/youniversity.be\/blog\/?p=9081"},"modified":"2025-07-24T15:08:56","modified_gmt":"2025-07-24T13:08:56","slug":"brak-rozwoju-i-aktualizacji-wiedzy","status":"publish","type":"post","link":"https:\/\/youniversity.be\/blog\/brak-rozwoju-i-aktualizacji-wiedzy\/","title":{"rendered":"B\u0142\u0119dy lidera 7\/7: Brak rozwoju i aktualizacji wiedzy"},"content":{"rendered":"\n<p><em>Ostatnia aktualizacja: 24.07.2025, Autorka: Anita Kr\u00f3l<\/em><\/p>\n\n\n\n<br>\n\n\n\n<p>W dynamicznym \u015bwiecie biznesu jedyn\u0105 sta\u0142\u0105 jest zmiana. To truizm, ale wci\u0105\u017c wielu lider\u00f3w traktuje go jak frazes, a nie realn\u0105 zasad\u0119 dzia\u0142ania. Tymczasem organizacje, kt\u00f3re si\u0119 nie ucz\u0105 zostaj\u0105 w tyle i dok\u0142adnie to samo dotyczy ich lider\u00f3w.<\/p>\n\n\n\n<p>Brak rozwoju nie objawia si\u0119 nagle. Nie s\u0142ycha\u0107 dzwonka alarmowego, ale stopniowo wida\u0107 coraz wi\u0119cej nieaktualnych decyzji, przestarza\u0142ych schemat\u00f3w i rozm\u00f3w, kt\u00f3re\u00a0 kiedy\u015b dzia\u0142a\u0142y. Lider przestaje inspirowa\u0107, przestaje dowozi\u0107 i nawet tego nie zauwa\u017ca.<\/p>\n\n\n\n<p>To ostatni, ale wyj\u0105tkowo niebezpieczny b\u0142\u0105d, bo nie dotyczy jednego projektu, jednego zadania, jednej osoby. To b\u0142\u0105d systemowy, a jego skutki s\u0105 odczuwalne nie tylko w zespole, ale i w ca\u0142ej organizacji.<\/p>\n\n\n\n<br>\n\n\n\n<h2 class=\"wp-block-heading has-medium-font-size\"><strong>W artykule:<\/strong><\/h2>\n\n\n\n<ul class=\"wp-block-list\">\n<li>Czym objawia si\u0119 brak rozwoju u lidera<br><\/li>\n\n\n\n<li>Dlaczego\u00a0&#8222;kiedy\u015b dzia\u0142a\u0142o&#8221; to za ma\u0142o<br><\/li>\n\n\n\n<li>Jak lider nie\u015bwiadomie hamuje rozw\u00f3j zespo\u0142u<br><\/li>\n\n\n\n<li>Jakie s\u0105 konsekwencje braku aktualizacji wiedzy<br><\/li>\n\n\n\n<li>Czym r\u00f3\u017cni si\u0119 rozw\u00f3j od zdobywania wiedzy<br><\/li>\n\n\n\n<li>Dlaczego do\u015bwiadczenie to nie wszystko<br><\/li>\n\n\n\n<li>Jakie nawyki rozwojowe warto mie\u0107 jako lider<br><\/li>\n\n\n\n<li>Jak budowa\u0107 kultur\u0119 rozwoju w zespole<br><\/li>\n\n\n\n<li>Jakie sygna\u0142y \u015bwiadcz\u0105, \u017ce czas co\u015b zmieni\u0107<br><\/li>\n\n\n\n<li>Co mo\u017cesz zrobi\u0107 ju\u017c teraz, \u017ceby ruszy\u0107 z miejsca<\/li>\n<\/ul>\n\n\n\n<br>\n\n\n\n<h2 class=\"wp-block-heading has-medium-font-size\"><strong>Spis tre\u015bci<\/strong><\/h2>\n\n\n\n<p><a href=\"#brak-rozwoju\">Brak rozwoju &#8211; cichy sabota\u017c skuteczno\u015bci lidera<\/a><br><a href=\"#zawsze-tak-robilismy\">Zawsze tak robili\u015bmy, czyli pu\u0142apka do\u015bwiadczenia<\/a><br><a href=\"#lider-ktory-nie-rosnie\">Lider, kt\u00f3ry nie ro\u015bnie, nie poci\u0105ga za sob\u0105 zespo\u0142u<\/a><br><a href=\"#co-tracisz\" data-type=\"internal\" data-id=\"#co-tracisz\">Co tracisz, kiedy nie aktualizujesz wiedzy<\/a><br><a href=\"#roznica-miedzy-czytaniem\">R\u00f3\u017cnica mi\u0119dzy czytaniem a realnym rozwojem<\/a><br><a href=\"#jak-wyglada-lider-uczacy-sie\">Jak wygl\u0105da lider ucz\u0105cy si\u0119, a jak ten, kt\u00f3ry utkn\u0105\u0142<\/a><br><a href=\"#bledy-poznawcze\">B\u0142\u0119dy poznawcze, kt\u00f3re blokuj\u0105 rozw\u00f3j<\/a><br><a href=\"#praktyka\">Praktyki, kt\u00f3re pomog\u0105 Ci stale si\u0119 rozwija\u0107<\/a><br><a href=\"#jak-wspierac-rozwoj-zespolu\">Jak wspiera\u0107 rozw\u00f3j zespo\u0142u, rozwijaj\u0105c siebie<\/a><br><a href=\"#pierwszy-krok\">Pierwszy krok &#8211; od czego zacz\u0105\u0107 zmian\u0119<\/a><br><a href=\"#podsumowanie\">Brak rozwoju i aktualizacji wiedzy &#8211; podsumowanie<\/a><\/p>\n\n\n\n<br>\n\n\n\n<p class=\"has-medium-font-size\"><strong>Zobacz te\u017c: <a href=\"https:\/\/youniversity.be\/blog\/nieefektywne-delegowanie-zadan\/\">B\u0142\u0119dy lidera 6\/7: Nieefektywne delegowanie zada\u0144<\/a><\/strong><\/p>\n\n\n\n<br>\n\n\n\n<h2 class=\"wp-block-heading\" id=\"brak-rozwoju\"><strong>Brak rozwoju &#8211; cichy sabota\u017c skuteczno\u015bci lidera<\/strong><\/h2>\n\n\n\n<p>Lider, kt\u00f3ry przestaje si\u0119 rozwija\u0107 nie stoi w miejscu &#8211; on si\u0119 cofa, bo \u015bwiat si\u0119 zmienia. Rynek si\u0119 zmienia, ludzie si\u0119 zmieniaj\u0105, a zesp\u00f3\u0142, kt\u00f3ry widzi, \u017ce jego szef stoi w miejscu, szybko traci wiar\u0119 w to, \u017ce warto za nim i\u015b\u0107.<\/p>\n\n\n\n<p>Brak rozwoju nie zawsze oznacza brak wiedzy, cz\u0119sto to brak aktualizacji. Narz\u0119dzia, kt\u00f3re dzia\u0142a\u0142y pi\u0119\u0107 lat temu dzi\u015b s\u0105 nieaktualne. Styl zarz\u0105dzania, kt\u00f3ry kiedy\u015b uchodzi\u0142 za skuteczny, dzi\u015b wywo\u0142uje op\u00f3r. Rozmowy o motywacji, kt\u00f3re\u00a0 zawsze dzia\u0142a\u0142y, dzi\u015b nie trafiaj\u0105 do nikogo.<\/p>\n\n\n\n<p>Co wi\u0119cej, lider, kt\u00f3ry nie aktualizuje wiedzy przestaje rozumie\u0107 j\u0119zyk, kt\u00f3rym m\u00f3wi jego zesp\u00f3\u0142. Przestaje rozumie\u0107 problemy, kt\u00f3re pojawiaj\u0105 si\u0119 w nowych realiach i podejmuje decyzje na podstawie schemat\u00f3w, kt\u00f3re nie maj\u0105 ju\u017c sensu.<\/p>\n\n\n\n<p>To nie jest zarzut, a rzeczywisto\u015b\u0107. Brak rozwoju nie jest kwesti\u0105 braku inteligencji czy braku kompetencji. To po prostu brak nawyku uczenia si\u0119, a bez niego ka\u017cdy lider w ko\u0144cu staje si\u0119 barier\u0105, a nie wsparciem dla swojego zespo\u0142u.<\/p>\n\n\n\n<br>\n\n\n\n<h2 class=\"wp-block-heading\" id=\"zawsze-tak-robilismy\"><strong>Zawsze tak robili\u015bmy, czyli pu\u0142apka do\u015bwiadczenia<\/strong><\/h2>\n\n\n\n<p>Do\u015bwiadczenie to atut, dop\u00f3ki nie staje si\u0119 wym\u00f3wk\u0105. Jednym z najcz\u0119stszych blokad rozwojowych lider\u00f3w jest w\u0142a\u015bnie przekonanie, \u017ce skoro co\u015b dzia\u0142a\u0142o w przesz\u0142o\u015bci to nadal musi by\u0107 dobre. Tyle, \u017ce\u00a0to, \u017ce kiedy\u015b co\u015b dzia\u0142a\u0142o\u00a0nie oznacza, \u017ce dzia\u0142a dzi\u015b.<\/p>\n\n\n\n<p>&#8222;Zawsze tak robili\u015bmy&#8221;\u00a0to zdanie, kt\u00f3re zabija innowacyjno\u015b\u0107, blokuje zmiany i zniech\u0119ca zesp\u00f3\u0142 do szukania lepszych rozwi\u0105za\u0144. W dynamicznym \u015brodowisku biznesowym do\u015bwiadczenie bez refleksji staje si\u0119 obci\u0105\u017ceniem. Zamiast pomaga\u0107 &#8211; ogranicza.<\/p>\n\n\n\n<p>Lider, kt\u00f3ry nie kwestionuje swoich starych metod, nie tylko hamuje rozw\u00f3j firmy, ale wysy\u0142a te\u017c jasny komunikat do zespo\u0142u &#8222;Nie ma sensu pr\u00f3bowa\u0107 czego\u015b nowego&#8221;<em>.<\/em> To zabija inicjatyw\u0119 i zmienia zesp\u00f3\u0142 w biernych wykonawc\u00f3w.<\/p>\n\n\n\n<p>Nie chodzi o to, by wyrzuca\u0107 do\u015bwiadczenie do kosza. Chodzi o to, by traktowa\u0107 je jako punkt odniesienia, a nie jedyne mo\u017cliwe rozwi\u0105zanie, bo prawdziwa si\u0142a lidera nie polega na trzymaniu si\u0119 tego co zna, tylko na umiej\u0119tno\u015bci uczenia si\u0119 tego, czego jeszcze nie wie.<\/p>\n\n\n\n<br>\n\n\n\n<h2 class=\"wp-block-heading\" id=\"lider-ktory-nie-rosnie\"><strong>Lider, kt\u00f3ry nie ro\u015bnie nie poci\u0105ga za sob\u0105 zespo\u0142u<\/strong><\/h2>\n\n\n\n<p>Lider wyznacza nie tylko kierunek dzia\u0142ania, ale te\u017c tempo rozwoju. Je\u015bli stoi w miejscu, zesp\u00f3\u0142 te\u017c przestaje si\u0119 rozwija\u0107, a co gorsza zaczyna si\u0119 zastanawia\u0107 czy w og\u00f3le warto i\u015b\u0107 dalej.<\/p>\n\n\n\n<p>Pracownicy bardzo szybko wyczuwaj\u0105 stagnacj\u0119. Widz\u0105, kiedy mened\u017cer korzysta wci\u0105\u017c z tych samych rozwi\u0105za\u0144, cytuje te same przyk\u0142ady, zadaje te same pytania. Widz\u0105 te\u017c, kiedy nie potrafi odnie\u015b\u0107 si\u0119 do nowych trend\u00f3w, nowych technologii czy zmieniaj\u0105cych si\u0119 oczekiwa\u0144 klient\u00f3w.<\/p>\n\n\n\n<p>Brak rozwoju lidera dzia\u0142a demotywuj\u0105co. Zesp\u00f3\u0142 traci inspiracj\u0119, przestaje si\u0119 uczy\u0107, odpuszcza inicjatywy i cho\u0107 na pocz\u0105tku mo\u017ce nie by\u0107 tego wida\u0107, z czasem pojawiaj\u0105 si\u0119 wyra\u017ane sygna\u0142y: spadek zaanga\u017cowania, mniejsze ambicje, wi\u0119cej bierno\u015bci.<\/p>\n\n\n\n<p>Lider, kt\u00f3ry sam si\u0119 rozwija, daje zespo\u0142owi nie tylko przyk\u0142ad, ale i przestrze\u0144 do nauki. Pokazuje, \u017ce zmiana jest czym\u015b normalnym, \u017ce warto pr\u00f3bowa\u0107 nowego, \u017ce niewiedza to nie pow\u00f3d do wstydu, tylko do dzia\u0142ania i to w\u0142a\u015bnie tacy liderzy przyci\u0105gaj\u0105 ludzi, kt\u00f3rzy chc\u0105 si\u0119 rozwija\u0107.<\/p>\n\n\n\n<br>\n\n\n\n<h2 class=\"wp-block-heading\" id=\"co-tracisz\"><strong>Co tracisz, kiedy nie aktualizujesz wiedzy<\/strong><\/h2>\n\n\n\n<p>Na pierwszy rzut oka nic si\u0119 nie dzieje. Nadal zarz\u0105dzasz zespo\u0142em, dowozisz cele, jeste\u015b\u00a0 na bie\u017c\u0105co z tym co dzieje si\u0119 w firmie, ale z czasem zaczynasz traci\u0107 wi\u0119cej ni\u017c jeste\u015b w stanie zauwa\u017cy\u0107.<\/p>\n\n\n\n<p>Po pierwsze, tracisz perspektyw\u0119. Bez aktualizacji wiedzy bazujesz tylko na tym co znasz. To zaw\u0119\u017ca spos\u00f3b my\u015blenia, ogranicza kreatywno\u015b\u0107 i prowadzi do wt\u00f3rnych decyzji. Zamiast i\u015b\u0107 do przodu, zaczynasz kr\u0119ci\u0107 si\u0119 w k\u00f3\u0142ko.<\/p>\n\n\n\n<p>Po drugie, tracisz autorytet. Zesp\u00f3\u0142, kt\u00f3ry widzi, \u017ce lider nie rozwija si\u0119, przestaje traktowa\u0107 go jak eksperta. Coraz cz\u0119\u015bciej to pracownicy wiedz\u0105 wi\u0119cej ni\u017c ich szef, szybciej \u0142api\u0105 nowe trendy, szybciej rozumiej\u0105 zmiany. To prowadzi do frustracji i utraty zaufania.<\/p>\n\n\n\n<p>Po trzecie, tracisz szans\u0119. Szans\u0119 na lepsze rozwi\u0105zania, skuteczniejsze procesy, nowoczesne narz\u0119dzia. Firmy, kt\u00f3re nie ucz\u0105 si\u0119 i nie adaptuj\u0105, po prostu wypadaj\u0105 z gry. Lider, kt\u00f3ry tego nie widzi, sam staje si\u0119 hamulcem rozwoju. <\/p>\n\n\n\n<p><strong><span style=\"text-decoration: underline;\">Rozw\u00f3j to w dzisiejszych czasach warunek przetrwania.<\/span><\/strong><\/p>\n\n\n\n<br>\n\n\n\n<h2 class=\"wp-block-heading\" id=\"roznica-miedzy-czytaniem\"><strong>R\u00f3\u017cnica mi\u0119dzy czytaniem a realnym rozwojem<\/strong><\/h2>\n\n\n\n<p>Wielu lider\u00f3w \u0142apie si\u0119 na tym, \u017ce\u00a0co\u015b tam czyta,\u00a0ogl\u0105da webinary,\u00a0ma ksi\u0105\u017cki na li\u015bcie\u00a0i cho\u0107 mo\u017ce to wygl\u0105da\u0107 jak rozw\u00f3j, w praktyce cz\u0119sto jest tylko konsumpcj\u0105 tre\u015bci bez zmiany zachowania.<\/p>\n\n\n\n<p>Prawdziwy rozw\u00f3j nie polega na przyswajaniu informacji, tylko na wdra\u017caniu ich w dzia\u0142aniu. Nie chodzi o to ile przeczytasz ksi\u0105\u017cek rocznie, ale ile z nich zmieni\u0142o Twoje decyzje, spos\u00f3b pracy, rozmow\u0119 z zespo\u0142em. Wiedza bez zastosowania to tylko szum informacyjny.<\/p>\n\n\n\n<p>Czytanie bez refleksji i bez praktyki jest form\u0105 oszukiwania siebie. Daje poczucie dzia\u0142ania, ale nie przynosi efekt\u00f3w. To jak zapisa\u0107 si\u0119 na si\u0142owni\u0119 i nigdy nie \u0107wiczy\u0107 &#8211; co\u015b niby si\u0119 dzieje, ale nic si\u0119 nie zmienia.<\/p>\n\n\n\n<p>Dlatego kluczowe pytanie brzmi nie\u00a0<em>ile wiesz?<\/em> tylko\u00a0<em>co robisz z tym co wiesz?<\/em>. Liderzy, kt\u00f3rzy rzeczywi\u015bcie si\u0119 rozwijaj\u0105, maj\u0105 jedn\u0105 wsp\u00f3ln\u0105 cech\u0119: regularnie testuj\u0105 nowe podej\u015bcia w praktyce i wyci\u0105gaj\u0105 wnioski. To w\u0142a\u015bnie ten cykl <em>wiedza, dzia\u0142anie, refleksja<\/em> buduje prawdziwy rozw\u00f3j.<\/p>\n\n\n\n<br>\n\n\n\n<h2 class=\"wp-block-heading\" id=\"jak-wyglada-lider-uczacy-sie\"><strong>Jak wygl\u0105da lider ucz\u0105cy si\u0119, a jak ten, kt\u00f3ry utkn\u0105\u0142<\/strong><\/h2>\n\n\n\n<p>Lider ucz\u0105cy si\u0119 nie jest doskona\u0142y. Pope\u0142nia b\u0142\u0119dy, zadaje pytania, czasem przyznaje si\u0119 do niewiedzy, ale w\u0142a\u015bnie dzi\u0119ki temu idzie do przodu. Jest ciekawy, szuka lepszych rozwi\u0105za\u0144, s\u0142ucha innych i regularnie wychodzi ze swojej strefy komfortu. Taki lider:<\/p>\n\n\n\n<ul class=\"wp-block-list\">\n<li>pyta zesp\u00f3\u0142 o feedback i rzeczywi\u015bcie co\u015b z nim robi,<br><\/li>\n\n\n\n<li>testuje nowe podej\u015bcia, nawet je\u015bli nie ma gwarancji sukcesu,<br><\/li>\n\n\n\n<li>nie udaje nieomylnego &#8211; wr\u0119cz przeciwnie, modeluje uczenie si\u0119 jako norm\u0119.<br><\/li>\n<\/ul>\n\n\n\n<p>Z kolei lider, kt\u00f3ry utkn\u0105\u0142 z zewn\u0105trz mo\u017ce wygl\u0105da\u0107\u00a0stabilnie, ale ta stabilno\u015b\u0107 to w rzeczywisto\u015bci stagnacja. Nie s\u0142ucha, bo uwa\u017ca, \u017ce ju\u017c wszystko przerabia\u0142, nie uczy si\u0119, bo\u00a0zna firm\u0119 najlepiej, nie zmienia nic, bo\u00a0i tak si\u0119 nie da.<\/p>\n\n\n\n<p>Taki lider:<\/p>\n\n\n\n<ul class=\"wp-block-list\">\n<li>ignoruje nowe rozwi\u0105zania, bo\u00a0to chwilowa moda,<br><\/li>\n\n\n\n<li>trzyma si\u0119 starych metod, nawet je\u015bli nie przynosz\u0105 efektu,<br><\/li>\n\n\n\n<li>z biegiem czasu traci kontakt z realnymi problemami zespo\u0142u.<br><\/li>\n<\/ul>\n\n\n\n<p>R\u00f3\u017cnic\u0119 wida\u0107 go\u0142ym okiem i\u00a0 czu\u0107 w atmosferze. Zesp\u00f3\u0142 pracuj\u0105cy z liderem, kt\u00f3ry si\u0119 rozwija, ro\u015bnie razem z nim. Zesp\u00f3\u0142, kt\u00f3ry pracuje z liderem zamkni\u0119tym na zmian\u0119 w ko\u0144cu te\u017c przestaje si\u0119 stara\u0107.<\/p>\n\n\n\n<br>\n\n\n\n<h2 class=\"wp-block-heading\" id=\"bledy-poznawcze\"><strong>B\u0142\u0119dy poznawcze, kt\u00f3re blokuj\u0105 rozw\u00f3j<\/strong><\/h2>\n\n\n\n<p>To nie brak czasu czy zasob\u00f3w najcz\u0119\u015bciej powstrzymuje lider\u00f3w przed rozwojem, tylko ich w\u0142asny spos\u00f3b my\u015blenia, a konkretnie b\u0142\u0119dy poznawcze, kt\u00f3re podpowiadaj\u0105 fa\u0142szywe wnioski i utrwalaj\u0105 z\u0142e nawyki.<\/p>\n\n\n\n<h3 class=\"wp-block-heading\"><strong>Efekt potwierdzenia<\/strong><\/h3>\n\n\n\n<p>Lider szuka tylko tych informacji, kt\u00f3re potwierdzaj\u0105 jego dotychczasowe przekonania. Unika wszystkiego, co mog\u0142oby podwa\u017cy\u0107 jego podej\u015bcie. W efekcie utwierdza si\u0119 w b\u0142\u0119dach i nie dopuszcza nowych perspektyw.<\/p>\n\n\n\n<h3 class=\"wp-block-heading\"><strong>Syndrom eksperta<\/strong><\/h3>\n\n\n\n<p>Skoro mam do\u015bwiadczenie to znaczy, \u017ce wiem lepiej. Takie my\u015blenie zabija ciekawo\u015b\u0107, a bez ciekawo\u015bci nie ma rozwoju. To pu\u0142apka, w kt\u00f3r\u0105 wpadaj\u0105 najbardziej kompetentni liderzy: przestaj\u0105 si\u0119 uczy\u0107, bo uznaj\u0105, \u017ce nie musz\u0105.<\/p>\n\n\n\n<h3 class=\"wp-block-heading\"><strong>Efekt Dunninga-Krugera<\/strong><\/h3>\n\n\n\n<p>Im mniej kto\u015b wie na dany temat, tym bardziej wydaje mu si\u0119, \u017ce wie du\u017co. Liderzy, kt\u00f3rzy nie aktualizuj\u0105 wiedzy, cz\u0119sto nie zdaj\u0105 sobie sprawy z w\u0142asnych brak\u00f3w. Uwa\u017caj\u0105 si\u0119 za\u00a0ogarniaj\u0105cych, ale realia m\u00f3wi\u0105 co\u015b zupe\u0142nie innego.<\/p>\n\n\n\n<h3 class=\"wp-block-heading\"><strong>L\u0119k przed utrat\u0105 kontroli<\/strong><\/h3>\n\n\n\n<p>Rozw\u00f3j wymaga zmiany, a zmiana oznacza rezygnacj\u0119 z tego co znane. Wielu lider\u00f3w nie wchodzi w proces uczenia si\u0119, bo nie chc\u0105 poczu\u0107 si\u0119 niekompetentni, nawet przez chwil\u0119. Wol\u0105 status quo ni\u017c chwilowy dyskomfort.<\/p>\n\n\n\n<p>Zrozumienie tych mechanizm\u00f3w to pierwszy krok, by przesta\u0142y Ci\u0119 sabotowa\u0107, bo je\u015bli chcesz si\u0119 rozwija\u0107 musisz zacz\u0105\u0107 od rozpoznania w\u0142asnych iluzji.<\/p>\n\n\n\n<br>\n\n\n\n<h2 class=\"wp-block-heading\" id=\"praktyka\"><strong>Praktyki, kt\u00f3re pomog\u0105 Ci stale si\u0119 rozwija\u0107<\/strong><\/h2>\n\n\n\n<p>Rozw\u00f3j lidera nie dzieje si\u0119 przypadkiem, to kwestia \u015bwiadomego wyboru i konkretnych nawyk\u00f3w. Nie musisz od razu zapisywa\u0107 si\u0119 na MBA. Wystarczy, \u017ce wprowadzisz kilka prostych, regularnych dzia\u0142a\u0144, kt\u00f3re na d\u0142u\u017csz\u0105 met\u0119 zrobi\u0105 ogromn\u0105 r\u00f3\u017cnic\u0119.<\/p>\n\n\n\n<h3 class=\"wp-block-heading\"><strong>1. Sta\u0142y kontakt z now\u0105 wiedz\u0105<\/strong><\/h3>\n\n\n\n<p>Zarezerwuj w kalendarzu minimum 30 minut dziennie na rozw\u00f3j. Podcast w drodze do pracy, fragment ksi\u0105\u017cki przed snem, artyku\u0142 bran\u017cowy przy kawie. Ma\u0142e porcje, ale codziennie.<\/p>\n\n\n\n<h3 class=\"wp-block-heading\"><strong>2. Feedback jako sta\u0142y element pracy<\/strong><\/h3>\n\n\n\n<p>Nie czekaj na kwartalne podsumowania. Pytaj zesp\u00f3\u0142 regularnie &#8222;co m\u00f3g\u0142bym zrobi\u0107 inaczej?&#8221;<em>,<\/em>\u00a0&#8222;co dzia\u0142a, a co nie?&#8221;. Feedback to nie zagro\u017cenie, a lustro, w kt\u00f3rym widzisz realny obraz swoich dzia\u0142a\u0144.<\/p>\n\n\n\n<h3 class=\"wp-block-heading\"><strong>3. Refleksja tygodniowa<\/strong><\/h3>\n\n\n\n<p>Na koniec ka\u017cdego tygodnia zadaj sobie trzy pytania:<\/p>\n\n\n\n<ul class=\"wp-block-list\">\n<li>Czego si\u0119 nauczy\u0142em?<br><\/li>\n\n\n\n<li>Co zrobi\u0142em inaczej ni\u017c zwykle?<br><\/li>\n\n\n\n<li>Co mog\u0119 poprawi\u0107?<br><\/li>\n<\/ul>\n\n\n\n<p>To prosta praktyka, kt\u00f3ra buduje samo\u015bwiadomo\u015b\u0107 i pozwala uczy\u0107 si\u0119 na bie\u017c\u0105co.<\/p>\n\n\n\n<h3 class=\"wp-block-heading\"><strong>4. Otaczaj si\u0119 m\u0105drzejszymi od siebie<\/strong><\/h3>\n\n\n\n<p>Szukaj ludzi, kt\u00f3rzy my\u015bl\u0105 inaczej, widz\u0105 wi\u0119cej, wiedz\u0105 wi\u0119cej. Rozmowy z nimi s\u0105 cz\u0119sto bardziej rozwojowe ni\u017c ca\u0142y kurs online.<\/p>\n\n\n\n<h3 class=\"wp-block-heading\"><strong>5. Ucz si\u0119 od swojego zespo\u0142u<\/strong><\/h3>\n\n\n\n<p>Twoi ludzie wiedz\u0105 co dzia\u0142a. Maj\u0105 pomys\u0142y, kt\u00f3re mog\u0105 Ci\u0119 zaskoczy\u0107. S\u0142uchaj ich, zadawaj pytania, dawaj przestrze\u0144 do dzielenia si\u0119 wiedz\u0105 i\u00a0sam te\u017c z niej korzystaj.<\/p>\n\n\n\n<p>Lider, kt\u00f3ry wdra\u017ca te praktyki nie tylko rozwija siebie. On buduje kultur\u0119 uczenia si\u0119 w ca\u0142ej organizacji.<\/p>\n\n\n\n<br>\n\n\n\n<h2 class=\"wp-block-heading\" id=\"jak-wspierac-rozwoj-zespolu\"><strong>Jak wspiera\u0107 rozw\u00f3j zespo\u0142u, rozwijaj\u0105c siebie<\/strong><\/h2>\n\n\n\n<p>Lider, kt\u00f3ry si\u0119 rozwija dzia\u0142a jak katalizator. Jego zaanga\u017cowanie w nauk\u0119 przek\u0142ada si\u0119 bezpo\u015brednio na atmosfer\u0119 w zespole. Nie tylko dlatego, \u017ce daje przyk\u0142ad, ale dlatego, \u017ce pokazuje, \u017ce rozw\u00f3j to standard &#8211; nie przywilej, nie obowi\u0105zek, tylko codzienna praktyka.<\/p>\n\n\n\n<p>Zesp\u00f3\u0142 bardzo szybko adaptuje si\u0119 do tego co widzi u swojego lidera. Je\u015bli widzi cz\u0142owieka ciekawego \u015bwiata, s\u0142uchaj\u0105cego, zadaj\u0105cego pytania, testuj\u0105cego nowe podej\u015bcia, sam te\u017c zaczyna my\u015ble\u0107 i dzia\u0142a\u0107 w ten spos\u00f3b.<\/p>\n\n\n\n<p>Lider, kt\u00f3ry rozwija si\u0119 na bie\u017c\u0105co:<\/p>\n\n\n\n<ul class=\"wp-block-list\">\n<li>tworzy przestrze\u0144 do dzielenia si\u0119 wiedz\u0105 i inspiracjami,<br><\/li>\n\n\n\n<li>wspiera swoich ludzi w uczeniu si\u0119, zamiast tylko ich rozlicza\u0107,<br><\/li>\n\n\n\n<li>rozmawia o b\u0142\u0119dach w konstruktywny spos\u00f3b, bez karania,<br><\/li>\n\n\n\n<li>daje jasny sygna\u0142: w tej firmie rozw\u00f3j to norma, nie wyj\u0105tek.<br><\/li>\n<\/ul>\n\n\n\n<p>Rozwijaj\u0105c siebie, nie tylko wzmacniasz swoj\u0105 pozycj\u0119 jako lidera. Wzmacniasz zesp\u00f3\u0142, kt\u00f3ry prowadzisz.<\/p>\n\n\n\n<p>To tworzy zupe\u0142nie inn\u0105 kultur\u0119 pracy. Kiedy rozw\u00f3j przestaje by\u0107 dodatkiem do prawdziwej pracy, a staje si\u0119 jej integraln\u0105 cz\u0119\u015bci\u0105 &#8211; dzieje si\u0119 co\u015b wa\u017cnego. Zesp\u00f3\u0142 ro\u015bnie. W umiej\u0119tno\u015bciach, w pewno\u015bci siebie, w odpowiedzialno\u015bci.<\/p>\n\n\n\n<br>\n\n\n\n<h2 class=\"wp-block-heading\" id=\"pierwszy-krok\"><strong>Pierwszy krok &#8211; od czego zacz\u0105\u0107 zmian\u0119<\/strong><\/h2>\n\n\n\n<p>Najtrudniejsze w rozwoju nie jest zdobycie wiedzy, tylko ruszenie z miejsca. Zw\u0142aszcza gdy przez d\u0142ugi czas nie inwestowa\u0142e\u015b w siebie. W g\u0142owie pojawiaj\u0105 si\u0119 wtedy g\u0142osy: &#8222;nie mam czasu&#8221;,\u00a0&#8222;nie wiem, od czego zacz\u0105\u0107&#8221;,\u00a0&#8222;i tak ju\u017c jestem za stary na zmiany&#8221;. To pu\u0142apki. Je\u015bli chcesz je prze\u0142ama\u0107, zacznij od konkretu.<\/p>\n\n\n\n<h3 class=\"wp-block-heading\"><strong>Postaw jedno pytanie<\/strong><\/h3>\n\n\n\n<p>Zamiast tworzy\u0107 wielki plan, odpowiedz sobie szczerze:<br><strong>W jakim obszarze najcz\u0119\u015bciej czuj\u0119, \u017ce nie nad\u0105\u017cam? <br><\/strong>To pytanie od razu pokazuje, gdzie jest najwi\u0119ksza luka i gdzie Tw\u00f3j rozw\u00f3j prze\u0142o\u017cy si\u0119 na najwi\u0119kszy efekt.<\/p>\n\n\n\n<h3 class=\"wp-block-heading\"><strong>Ustal mikrocel<\/strong><\/h3>\n\n\n\n<p>Nie rzucaj si\u0119 od razu na roczne programy. Wybierz jeden mikrocel: przeczyta\u0107 ksi\u0105\u017ck\u0119, przes\u0142ucha\u0107 podcast, porozmawia\u0107 z kim\u015b bardziej do\u015bwiadczonym. Liczy si\u0119 ruch, nie rozmach.<\/p>\n\n\n\n<h3 class=\"wp-block-heading\"><strong>Zarezerwuj czas w kalendarzu<\/strong><\/h3>\n\n\n\n<p>Rozw\u00f3j nie wydarzy si\u0119\u00a0przy okazji. Musisz go potraktowa\u0107 jak ka\u017cde inne zadanie &#8211; wpisa\u0107 w grafik, da\u0107 mu priorytet. Nawet je\u015bli to tylko 20 minut tygodniowo to ju\u017c jest pocz\u0105tek.<\/p>\n\n\n\n<h3 class=\"wp-block-heading\"><strong>Zr\u00f3b pierwszy krok w tym tygodniu<\/strong><\/h3>\n\n\n\n<p>Nie za miesi\u0105c. Nie od nowego kwarta\u0142u. Je\u015bli chcesz zmiany, zacznij teraz. Drobny ruch w dobr\u0105 stron\u0119 buduje impet, kt\u00f3ry potem \u0142atwo utrzyma\u0107. Bez tego wszystko zostaje w sferze plan\u00f3w.<\/p>\n\n\n\n<p>Zmiana zaczyna si\u0119 wtedy, gdy zaczynasz dzia\u0142a\u0107. Nawet nieidealnie i niepewnie, ale zaczynasz.<\/p>\n\n\n\n<br>\n\n\n\n<h2 class=\"wp-block-heading\" id=\"podsumowanie\"><strong>Brak rozwoju i aktualizacji wiedzy &#8211; podsumowanie<\/strong><\/h2>\n\n\n\n<p>Lider, kt\u00f3ry nie inwestuje w sw\u00f3j rozw\u00f3j traci grunt pod nogami. Z czasem przestaje rozumie\u0107 zmieniaj\u0105cy si\u0119 kontekst, gubi kontakt z zespo\u0142em i zaczyna podejmowa\u0107 decyzje, kt\u00f3re bardziej wynikaj\u0105 z przyzwyczaje\u0144 ni\u017c z realnych potrzeb organizacji. W efekcie traci autorytet, a zesp\u00f3\u0142 traci kierunek.<\/p>\n\n\n\n<p>Brak rozwoju nie oznacza stagnacji, a cofanie si\u0119 w czasach, w kt\u00f3rych \u015bwiat biznesu p\u0119dzi do przodu. Je\u015bli nie aktualizujesz wiedzy, je\u015bli nie podnosisz swoich kompetencji, to nie tylko ograniczasz siebie, ale te\u017c spowalniasz rozw\u00f3j ca\u0142ego zespo\u0142u.<\/p>\n\n\n\n<p>Na szcz\u0119\u015bcie rozw\u00f3j nie wymaga rewolucji. Wystarczy zacz\u0105\u0107, od jednej decyzji, jednego mikrocelu, jednego dzia\u0142ania tygodniowo. Kiedy lider si\u0119 rozwija zesp\u00f3\u0142 czuje, \u017ce ma przed sob\u0105 kogo\u015b, kto naprawd\u0119 prowadzi. Kogo\u015b, kto nie tylko wymaga, ale daje przyk\u0142ad, bo prawdziwe przyw\u00f3dztwo zaczyna si\u0119 od pracy nad sob\u0105 i nie ko\u0144czy si\u0119 nigdy.<\/p>\n\n\n\n<br>\n\n\n\n<figure class=\"wp-block-image size-full\"><img fetchpriority=\"high\" decoding=\"async\" width=\"1024\" height=\"500\" src=\"https:\/\/youniversity.be\/blog\/wp-content\/uploads\/sl-360-0_xP6F24B.png\" alt=\"\" class=\"wp-image-8994\" srcset=\"https:\/\/youniversity.be\/blog\/wp-content\/uploads\/sl-360-0_xP6F24B.png 1024w, https:\/\/youniversity.be\/blog\/wp-content\/uploads\/sl-360-0_xP6F24B-300x146.png 300w, https:\/\/youniversity.be\/blog\/wp-content\/uploads\/sl-360-0_xP6F24B-768x375.png 768w\" sizes=\"(max-width: 1024px) 100vw, 1024px\" \/><\/figure>\n\n\n\n<br>\n\n\n\n<h2 class=\"wp-block-heading\">Program rozwojowy dla lider\u00f3w &#8211; Skuteczny Lider 360\u00b0<\/h2>\n\n\n\n<p>Doskonale wiesz, \u017ce \u015bwiat biznesu p\u0119dzi do przodu, a rozw\u00f3j kompetencji przyw\u00f3dczych staje si\u0119 nie tylko dodatkiem, lecz wr\u0119cz konieczno\u015bci\u0105 dla ka\u017cdego, kto zarz\u0105dza lud\u017ami lub projektami. Dlatego, je\u015bli chcesz w praktyce wzmocni\u0107 motywacj\u0119 i zaanga\u017cowanie w swoim zespole, zapraszamy Ci\u0119 do udzia\u0142u w szkoleniu&nbsp;<strong>Skuteczny Lider 360\u00b0<\/strong>.<\/p>\n\n\n\n<h3 class=\"wp-block-heading\">Dla kogo?<\/h3>\n\n\n\n<ul class=\"wp-block-list\">\n<li>Mened\u017cerowie, kt\u00f3rzy potrzebuj\u0105 wzmocni\u0107 kompetencje przyw\u00f3dcze.<\/li>\n\n\n\n<li>Osoby aspiruj\u0105ce do roli lidera.<\/li>\n\n\n\n<li>Specjali\u015bci odpowiadaj\u0105cy za projekty, kt\u00f3rzy chc\u0105 poprawi\u0107 efektywno\u015b\u0107 pracy zespo\u0142owej.<\/li>\n\n\n\n<li>Przedsi\u0119biorcy rozwijaj\u0105cy w\u0142asny biznes i chc\u0105cy zbudowa\u0107 stabiln\u0105, zaanga\u017cowan\u0105 kadr\u0119.<\/li>\n<\/ul>\n\n\n\n<h3 class=\"wp-block-heading\">Co zyskasz?<\/h3>\n\n\n\n<ul class=\"wp-block-list\">\n<li>Narodziny nowego stylu przyw\u00f3dztwa \u2013 nauczysz si\u0119 zarz\u0105dza\u0107 przez inspirowanie, a nie przez polecenia czy kontrol\u0119.<\/li>\n\n\n\n<li>Praktyczne narz\u0119dzia budowania motywacji \u2013 od skutecznego feedbacku po tworzenie przejrzystych \u015bcie\u017cek rozwoju.<\/li>\n\n\n\n<li>G\u0142\u0119bokie zrozumienie psychologii pracy zespo\u0142owej \u2013 poznasz r\u00f3\u017cne style osobowo\u015bci, typowe motywatory i techniki rozwi\u0105zywania konflikt\u00f3w.<\/li>\n\n\n\n<li>Umiej\u0119tno\u015b\u0107 budowania i rozwijania zespo\u0142\u00f3w \u2013 dowiesz si\u0119, jak dobiera\u0107 w\u0142a\u015bciwe osoby ju\u017c na etapie rekrutacji, a potem wspiera\u0107 ich wzrost i zaanga\u017cowanie.<\/li>\n<\/ul>\n\n\n\n<h3 class=\"wp-block-heading\">Jak wygl\u0105da program?<\/h3>\n\n\n\n<ul class=\"wp-block-list\">\n<li>Sesje online z do\u015bwiadczonymi trenerami \u2013 wymiana do\u015bwiadcze\u0144, \u0107wiczenia praktyczne, symulacje sytuacji z Twojego \u015brodowiska.<\/li>\n\n\n\n<li>Praca nad konkretnymi case studies \u2013 zamiast teoretyzowa\u0107, prze\u0107wiczysz autentyczne problemy, z kt\u00f3rymi stykasz si\u0119 na co dzie\u0144 w firmie.<\/li>\n\n\n\n<li>Elementy coachingu i mentoringu \u2013 nauczysz si\u0119 zadawa\u0107 w\u0142a\u015bciwe pytania, kt\u00f3re sk\u0142aniaj\u0105 ludzi do samodzielnego wypracowywania rozwi\u0105za\u0144.<\/li>\n<\/ul>\n\n\n\n<p><strong>Start szkolenia: 12 maja 2025<\/strong><\/p>\n\n\n\n<h3 class=\"wp-block-heading\">Dlaczego warto?<\/h3>\n\n\n\n<ul class=\"wp-block-list\">\n<li>Dzi\u0119ki unikalnej formule szkolenia \u0142\u0105cz\u0105cej teori\u0119 z intensywn\u0105 praktyk\u0105, ju\u017c od pierwszych dni zauwa\u017cysz popraw\u0119 w komunikacji i atmosferze w swoim zespole.<\/li>\n\n\n\n<li>Niezale\u017cnie od bran\u017cy, w kt\u00f3rej dzia\u0142asz, zasady skutecznego przyw\u00f3dztwa s\u0105 uniwersalne i zapewni\u0105 Ci przewag\u0119 konkurencyjn\u0105.<\/li>\n\n\n\n<li>To inwestycja w przysz\u0142o\u015b\u0107 Twojej firmy, bo profesjonalne przyw\u00f3dztwo i zaanga\u017cowany zesp\u00f3\u0142 to podstawa d\u0142ugoterminowego rozwoju.<\/li>\n<\/ul>\n\n\n\n<br>\n\n\n\n<div class=\"wp-block-buttons is-layout-flex wp-block-buttons-is-layout-flex\">\n<div class=\"wp-block-button\"><a class=\"wp-block-button__link wp-element-button\" href=\"https:\/\/skutecznylider360.pl\/\" target=\"_blank\" rel=\"noopener\">Dowiedz si\u0119 wi\u0119cej<\/a><\/div>\n<\/div>\n\n\n\n<p><\/p>\n","protected":false},"excerpt":{"rendered":"<p>Ostatnia aktualizacja: 24.07.2025, Autorka: Anita Kr\u00f3l W dynamicznym \u015bwiecie biznesu jedyn\u0105 sta\u0142\u0105 jest zmiana. To truizm, ale wci\u0105\u017c wielu lider\u00f3w traktuje go jak frazes, a nie realn\u0105 zasad\u0119 dzia\u0142ania. Tymczasem organizacje, kt\u00f3re si\u0119 nie ucz\u0105 zostaj\u0105 w tyle i dok\u0142adnie to samo dotyczy ich lider\u00f3w. Brak rozwoju nie objawia si\u0119 nagle. Nie s\u0142ycha\u0107 dzwonka alarmowego, [&hellip;]<\/p>\n","protected":false},"author":12,"featured_media":9084,"comment_status":"closed","ping_status":"open","sticky":false,"template":"","format":"standard","meta":{"footnotes":""},"categories":[167],"tags":[],"class_list":["post-9081","post","type-post","status-publish","format-standard","has-post-thumbnail","hentry","category-przywodztwo-i-zarzadzanie"],"_links":{"self":[{"href":"https:\/\/youniversity.be\/blog\/wp-json\/wp\/v2\/posts\/9081","targetHints":{"allow":["GET"]}}],"collection":[{"href":"https:\/\/youniversity.be\/blog\/wp-json\/wp\/v2\/posts"}],"about":[{"href":"https:\/\/youniversity.be\/blog\/wp-json\/wp\/v2\/types\/post"}],"author":[{"embeddable":true,"href":"https:\/\/youniversity.be\/blog\/wp-json\/wp\/v2\/users\/12"}],"replies":[{"embeddable":true,"href":"https:\/\/youniversity.be\/blog\/wp-json\/wp\/v2\/comments?post=9081"}],"version-history":[{"count":3,"href":"https:\/\/youniversity.be\/blog\/wp-json\/wp\/v2\/posts\/9081\/revisions"}],"predecessor-version":[{"id":9085,"href":"https:\/\/youniversity.be\/blog\/wp-json\/wp\/v2\/posts\/9081\/revisions\/9085"}],"wp:featuredmedia":[{"embeddable":true,"href":"https:\/\/youniversity.be\/blog\/wp-json\/wp\/v2\/media\/9084"}],"wp:attachment":[{"href":"https:\/\/youniversity.be\/blog\/wp-json\/wp\/v2\/media?parent=9081"}],"wp:term":[{"taxonomy":"category","embeddable":true,"href":"https:\/\/youniversity.be\/blog\/wp-json\/wp\/v2\/categories?post=9081"},{"taxonomy":"post_tag","embeddable":true,"href":"https:\/\/youniversity.be\/blog\/wp-json\/wp\/v2\/tags?post=9081"}],"curies":[{"name":"wp","href":"https:\/\/api.w.org\/{rel}","templated":true}]}}